{"id":14147,"date":"2026-08-28T10:09:56","date_gmt":"2026-08-28T13:09:56","guid":{"rendered":"https:\/\/facepevirtual.org.br\/facepe\/?p=14147"},"modified":"2026-08-28T10:09:58","modified_gmt":"2026-08-28T13:09:58","slug":"campus-pocos-de-caldas-recebe-atividades-da-caravana-da-juventude-negra","status":"publish","type":"post","link":"https:\/\/facepevirtual.org.br\/facepe\/campus-pocos-de-caldas-recebe-atividades-da-caravana-da-juventude-negra\/","title":{"rendered":"Campus Po\u00e7os de Caldas recebe atividades da Caravana da Juventude Negra"},"content":{"rendered":"\n<ul class=\"wp-block-list\">\n<li><a href=\"https:\/\/jornal.unifal-mg.edu.br\/category\/unifal-mg-em-acao\/\">UNIFAL-MG em A\u00e7\u00e3o<\/a><\/li>\n\n\n\n<li><a href=\"https:\/\/jornal.unifal-mg.edu.br\/2026\/08\/27\/\"><time>27\/08\/2026<\/time><\/a><\/li>\n\n\n\n<li>17:07<\/li>\n<\/ul>\n\n\n\n<ul class=\"wp-block-list\">\n<li><a href=\"https:\/\/jornal.unifal-mg.edu.br\/author\/ivanei-salgadounifal-mg-edu-br\/\">Ivanei Salgado<\/a><\/li>\n<\/ul>\n\n\n\n<figure class=\"wp-block-image aligncenter is-resized\"><img decoding=\"async\" src=\"https:\/\/jornal.unifal-mg.edu.br\/wp-content\/uploads\/2026\/08\/caravana-juventude-negra-pocos-de-caldas_ago26.png\" alt=\"\" style=\"aspect-ratio:1.797752808988764;width:800px;height:auto\"\/><figcaption class=\"wp-element-caption\">A Caravana da Juventude Negra \u00e9 uma articula\u00e7\u00e3o entre institui\u00e7\u00f5es e a Uni\u00e3o de Negros e Negras pela Igualdade Racial de Minas Gerais (Unegro\/MG). (foto: Divulga\u00e7\u00e3o\/Neabi)<\/figcaption><\/figure>\n\n\n\n<p class=\"wp-block-paragraph\">O Campus Po\u00e7os de Caldas da UNIFAL-MG foi inserido no circuito da Caravana da Juventude Negra, iniciativa conjunta da Prefeitura de Po\u00e7os de Caldas, do IFSULDEMINAS, da UNIFAL-MG e da Uni\u00e3o de Negros e Negras pela Igualdade Racial de Minas Gerais (Unegro\/MG). As atividades no campus, com acessibilidade em Libras, foram realizadas no dia 18 de agosto e inclu\u00edram rodas de conversa e visita guiada aos laborat\u00f3rios e a outras estruturas da Universidade.<\/p>\n\n\n\n<p class=\"wp-block-paragraph\">A Caravana da Juventude Negra prop\u00f5e encontros formativos para a juventude negra de Po\u00e7os de Caldas. As a\u00e7\u00f5es s\u00e3o organizadas nos eixos de sa\u00fade, educa\u00e7\u00e3o, cultura e tecnologia. O objetivo \u00e9 contribuir para o enfrentamento das viol\u00eancias que atingem os jovens, por meio da promo\u00e7\u00e3o de pol\u00edticas p\u00fablicas e da atua\u00e7\u00e3o direta nos territ\u00f3rios, priorizando o protagonismo juvenil negro.<\/p>\n\n\n\n<figure class=\"wp-block-image alignleft is-resized\" id=\"attachment_130935\"><img decoding=\"async\" src=\"https:\/\/jornal.unifal-mg.edu.br\/wp-content\/uploads\/2026\/08\/caravana-juventude-negra-pocos-de-caldas_ago26_01-651x800.jpg\" alt=\"\" style=\"aspect-ratio:0.8143322475570033;width:250px;height:auto\"\/><figcaption class=\"wp-element-caption\">Durante o evento, os estudantes visitantes conheceram a estrutura da UNIFAL-MG e participaram de rodas de conversa. (Foto: Divulga\u00e7\u00e3o\/Neabi)<\/figcaption><\/figure>\n\n\n\n<p class=\"wp-block-paragraph\">Na UNIFAL-MG, o projeto recebe apoio do N\u00facleo de Estudos Afro-Brasileiros e Ind\u00edgenas (Neabi). Na visita ao Campus Po\u00e7os de Caldas, a iniciativa tamb\u00e9m contou com o apoio do projeto UniDiversidade, da Pr\u00f3-Reitoria de Assuntos Comunit\u00e1rios e Estudantis (Prace) e do Centro Acad\u00eamico (CA) do curso de Engenharia de Minas, e recebeu estudantes de cinco escolas p\u00fablicas de Po\u00e7os de Caldas.<\/p>\n\n\n\n<p class=\"wp-block-paragraph\">De acordo com o servidor Wagner Roberto Dias Nascimento, vice-presidente do Neabi, sediar o evento no Campus Po\u00e7os de Caldas possibilitou o di\u00e1logo, a forma\u00e7\u00e3o e a troca de experi\u00eancias sobre tecnologia, inova\u00e7\u00e3o, inclus\u00e3o e oportunidades para a juventude negra. \u201cA intera\u00e7\u00e3o entre nossos discentes e os visitantes promove uma forma\u00e7\u00e3o m\u00fatua. Enquanto nossos estudantes exercitam a comunica\u00e7\u00e3o ao compartilhar suas atividades acad\u00eamicas e pesquisas, os visitantes t\u00eam a oportunidade de conhecer um pouco mais sobre a vida universit\u00e1ria\u201d, destacou.<\/p>\n\n\n\n<p class=\"wp-block-paragraph\">A Caravana contou com a participa\u00e7\u00e3o da egressa dos cursos de Bacharelado Interdisciplinar em Ci\u00eancia e Tecnologia e Engenharia Ambiental, Carolina Marques Ribeiro Silva. Na ocasi\u00e3o, ela abordou o apagamento de pessoas negras na ci\u00eancia e enfatizou a import\u00e2ncia do acesso \u00e0 universidade.<\/p>\n\n\n\n<p class=\"wp-block-paragraph\">\u201c\u00c9 importante mostrar que muitos de n\u00f3s tamb\u00e9m j\u00e1 chegamos l\u00e1 por meio da educa\u00e7\u00e3o, para que os jovens negros possam construir imagens positivas sobre a sua negritude. Estar na universidade n\u00e3o muda apenas a realidade financeira, mas tamb\u00e9m nos apresenta outras vis\u00f5es de mundo, pensamentos e ideias, o que nos possibilita compreender a nossa realidade e, assim, construir novos caminhos para a nossa sociedade. Ver os olhos desses jovens brilhando n\u00e3o tem pre\u00e7o. Espero que tenhamos cada vez mais jovens negros dentro das universidades p\u00fablicas\u201d, destacou a engenheira ambiental.<\/p>\n\n\n\n<figure class=\"wp-block-image alignright is-resized\" id=\"attachment_130937\"><img decoding=\"async\" src=\"https:\/\/jornal.unifal-mg.edu.br\/wp-content\/uploads\/2026\/08\/caravana-juventude-negra-pocos-de-caldas_ago26_02-800x447.png\" alt=\"\" style=\"aspect-ratio:1.791044776119403;width:600px;height:auto\"\/><figcaption class=\"wp-element-caption\">Estudantes e servidores da UNIFAL-MG tamb\u00e9m participaram do evento. (Foto: Divulga\u00e7\u00e3o\/Neabi)<\/figcaption><\/figure>\n\n\n\n<p class=\"wp-block-paragraph\">Al\u00e9m do vice-presidente do Neabi, Wagner Nascimento, e da egressa Carolina Marques Silva, tamb\u00e9m participaram a servidora K\u00eania Eliber Vieira, da Prace; o discente Marcos Leandro Santos Boldrin, presidente do CA de Engenharia de Minas; o presidente da Unegro\/MG, Clauderson Santos \u201cBlack\u201d; a psic\u00f3loga e educadora popular em sa\u00fade P\u00e2mela Nogueira, coordenadora da Caravana; e outros servidores e estudantes do campus Po\u00e7os de Caldas.<\/p>\n","protected":false},"excerpt":{"rendered":"<p>O Campus Po\u00e7os de Caldas da UNIFAL-MG foi inserido no circuito da Caravana da Juventude Negra, iniciativa conjunta da Prefeitura de Po\u00e7os de Caldas, do IFSULDEMINAS, da UNIFAL-MG e da Uni\u00e3o de Negros e Negras pela Igualdade Racial de Minas Gerais (Unegro\/MG). As atividades no campus, com acessibilidade em Libras, foram realizadas no dia 18 [&hellip;]<\/p>\n","protected":false},"author":1,"featured_media":14148,"comment_status":"open","ping_status":"open","sticky":false,"template":"","format":"standard","meta":{"_acf_changed":false,"footnotes":""},"categories":[10],"tags":[],"class_list":["post-14147","post","type-post","status-publish","format-standard","has-post-thumbnail","hentry","category-unifal"],"acf":[],"_links":{"self":[{"href":"https:\/\/facepevirtual.org.br\/facepe\/wp-json\/wp\/v2\/posts\/14147","targetHints":{"allow":["GET"]}}],"collection":[{"href":"https:\/\/facepevirtual.org.br\/facepe\/wp-json\/wp\/v2\/posts"}],"about":[{"href":"https:\/\/facepevirtual.org.br\/facepe\/wp-json\/wp\/v2\/types\/post"}],"author":[{"embeddable":true,"href":"https:\/\/facepevirtual.org.br\/facepe\/wp-json\/wp\/v2\/users\/1"}],"replies":[{"embeddable":true,"href":"https:\/\/facepevirtual.org.br\/facepe\/wp-json\/wp\/v2\/comments?post=14147"}],"version-history":[{"count":1,"href":"https:\/\/facepevirtual.org.br\/facepe\/wp-json\/wp\/v2\/posts\/14147\/revisions"}],"predecessor-version":[{"id":14149,"href":"https:\/\/facepevirtual.org.br\/facepe\/wp-json\/wp\/v2\/posts\/14147\/revisions\/14149"}],"wp:featuredmedia":[{"embeddable":true,"href":"https:\/\/facepevirtual.org.br\/facepe\/wp-json\/wp\/v2\/media\/14148"}],"wp:attachment":[{"href":"https:\/\/facepevirtual.org.br\/facepe\/wp-json\/wp\/v2\/media?parent=14147"}],"wp:term":[{"taxonomy":"category","embeddable":true,"href":"https:\/\/facepevirtual.org.br\/facepe\/wp-json\/wp\/v2\/categories?post=14147"},{"taxonomy":"post_tag","embeddable":true,"href":"https:\/\/facepevirtual.org.br\/facepe\/wp-json\/wp\/v2\/tags?post=14147"}],"curies":[{"name":"wp","href":"https:\/\/api.w.org\/{rel}","templated":true}]}}