{"id":9535,"date":"2026-04-24T08:14:22","date_gmt":"2026-04-24T11:14:22","guid":{"rendered":"https:\/\/facepevirtual.org.br\/facepe\/?p=9535"},"modified":"2026-04-24T08:14:25","modified_gmt":"2026-04-24T11:14:25","slug":"em-visita-a-unifal-mg-parlamentares-reforcam-o-apoio-a-universidade","status":"publish","type":"post","link":"https:\/\/facepevirtual.org.br\/facepe\/em-visita-a-unifal-mg-parlamentares-reforcam-o-apoio-a-universidade\/","title":{"rendered":"Em visita a UNIFAL-MG, parlamentares refor\u00e7am o apoio \u00e0 Universidade"},"content":{"rendered":"\n<ul class=\"wp-block-list\">\n<li><a href=\"https:\/\/jornal.unifal-mg.edu.br\/category\/unifal-mg-em-acao\/\">UNIFAL-MG em A\u00e7\u00e3o<\/a><\/li>\n\n\n\n<li><a href=\"https:\/\/jornal.unifal-mg.edu.br\/2026\/04\/15\/\"><time>15\/04\/2026<\/time><\/a><\/li>\n\n\n\n<li>14:58<\/li>\n<\/ul>\n\n\n\n<ul class=\"wp-block-list\">\n<li><a href=\"https:\/\/jornal.unifal-mg.edu.br\/author\/ivanei-salgadounifal-mg-edu-br\/\">Ivanei Salgado<\/a><\/li>\n<\/ul>\n\n\n\n<figure class=\"wp-block-image aligncenter\"><img decoding=\"async\" src=\"https:\/\/jornal.unifal-mg.edu.br\/wp-content\/uploads\/2026\/04\/visita-deputada-dandara-abr26_foto-ivaneisalgado_destaque.png\" alt=\"\" class=\"wp-image-126928\"\/><figcaption class=\"wp-element-caption\">A visita da deputada federal foi articulada pelo movimento estudantil da UNIFAL-MG. (Foto: Ivanei Salgado\/Dicom)<\/figcaption><\/figure>\n\n\n\n<p>Durante o cumprimento de agenda em Alfenas, na sexta-feira, 10 de abril, a deputada federal Dandara (PT) participou de semin\u00e1rio e reuni\u00e3o na UNIFAL-MG. A parlamentar, acompanhada por integrantes do movimento estudantil, se reuniu com o reitor Alessandro Antonio Costa Pereira e com a vice-reitora Vanessa Bergamin Boralli Marques, e refor\u00e7ou o apoio \u00e0 educa\u00e7\u00e3o p\u00fablica e \u00e0 Universidade.&nbsp;<\/p>\n\n\n\n<p>Na reitoria, a deputada federal destacou a import\u00e2ncia do apoio parlamentar ir al\u00e9m da concess\u00e3o de emendas e abranger apoio estrutural \u00e0 educa\u00e7\u00e3o. Segundo ela, \u00e9 fundamental garantir condi\u00e7\u00f5es adequadas para o funcionamento, a perman\u00eancia estudantil, o avan\u00e7o da pesquisa e a amplia\u00e7\u00e3o das pol\u00edticas de inclus\u00e3o.<\/p>\n\n\n\n<figure class=\"wp-block-image alignleft is-resized\" id=\"attachment_126931\"><img decoding=\"async\" src=\"https:\/\/jornal.unifal-mg.edu.br\/wp-content\/uploads\/2026\/04\/visita-deputada-dandara_abr26_fotos-ivaneisalgado-1-800x533.jpeg\" alt=\"\" class=\"wp-image-126931\" style=\"width:346px;height:auto\"\/><figcaption class=\"wp-element-caption\">Na reuni\u00e3o, da deputada federal refor\u00e7ou o apoio a educa\u00e7\u00e3o p\u00fablica. (Foto: Ivanei Salgado\/Dicom)<\/figcaption><\/figure>\n\n\n\n<p>O reitor apresentou \u00e0 parlamentar demandas institucionais e destacou o papel estrat\u00e9gico da UNIFAL-MG para o Sul de Minas nas \u00e1reas de forma\u00e7\u00e3o profissional, produ\u00e7\u00e3o cient\u00edfica e impacto social. A vice-reitora tamb\u00e9m ressaltou a import\u00e2ncia do di\u00e1logo cont\u00ednuo entre a Universidade e os parlamentares com objetivo de consolidar as pol\u00edticas p\u00fablicas voltadas \u00e0 educa\u00e7\u00e3o superior.<\/p>\n\n\n\n<p>\u201cO encontro refor\u00e7a a import\u00e2ncia do di\u00e1logo permanente entre a Universidade e o poder p\u00fablico. \u00c9 fundamental que esse apoio \u00e0 educa\u00e7\u00e3o p\u00fablica n\u00e3o seja focado apenas em emendas, mas tamb\u00e9m em compromisso com pol\u00edticas p\u00fablicas estruturantes para garantir o fortalecimento, sustentabilidade or\u00e7ament\u00e1ria e a expans\u00e3o da universidade\u201d, destaca o reitor Alessandro Pereira<\/p>\n\n\n\n<p>De acordo com a vice-reitora, Profa. Vanessa Marques, o apoio e a parceria de parlamentares que defendem a educa\u00e7\u00e3o p\u00fablica s\u00e3o importantes para a consolida\u00e7\u00e3o institucional. \u201cEsse di\u00e1logo qualificado com o Legislativo fortalece a Universidade e contribui para avan\u00e7armos em pol\u00edticas estruturantes, com impacto real na perman\u00eancia estudantil, na pesquisa e na inclus\u00e3o\u201d.<\/p>\n\n\n\n<p>Ainda durante a agenda em Alfenas, a deputada promoveu o semin\u00e1rio \u201cEntre o saber e o trabalho: democracia, repara\u00e7\u00e3o e desenvolvimento social\u201d, que contou com a participa\u00e7\u00e3o da professora Claudia Gomes, pr\u00f3-reitora de Assuntos Comunit\u00e1rios e Estudantis, e de Izabela Correia. O encontro debateu temas relacionados \u00e0 educa\u00e7\u00e3o, trabalho e inclus\u00e3o social, reunindo estudantes e membros da comunidade acad\u00eamica.<\/p>\n\n\n\n<figure class=\"wp-block-image alignright is-resized\" id=\"attachment_126942\"><img decoding=\"async\" src=\"https:\/\/jornal.unifal-mg.edu.br\/wp-content\/uploads\/2026\/04\/visita-deputada-federal-dandara-abr26_seminario-2-800x533.jpeg\" alt=\"\" class=\"wp-image-126942\" style=\"width:409px;height:auto\"\/><figcaption class=\"wp-element-caption\">Na UNIFAL-MG, a deputada Dandara promoveu o semin\u00e1rio \u201cEntre o saber e o trabalho: democracia, repara\u00e7\u00e3o e desenvolvimento social\u201d.<\/figcaption><\/figure>\n\n\n\n<p>Para a professora Cl\u00e1udia Gomes, a interlocu\u00e7\u00e3o com parlamentares visando apoio \u00e0 assist\u00eancia estudantil \u00e9 estrat\u00e9gica para a UNIFAL-MG, pois fortalece a defesa da educa\u00e7\u00e3o p\u00fablica e amplia o debate sobre pol\u00edticas como a Pol\u00edtica Nacional de Assist\u00eancia Estudantil (Pnaes). \u201cSob a perspectiva relacional, o impacto em espec\u00edfico, da emenda recebida da deputada Dandara para a estrutura\u00e7\u00e3o dos Centros de Viv\u00eancia Universit\u00e1ria nos campi da UNIFAL-MG, reflete-se na promo\u00e7\u00e3o do pertencimento, garantindo que estudantes encontrem um ambiente prop\u00edcio para o estabelecimento de v\u00ednculos e rela\u00e7\u00f5es\u201d, refor\u00e7a.<\/p>\n\n\n\n<p>O estudante Pablo Matheus de Oliveira Almeida, discente de Ci\u00eancias Sociais e coordenador geral do Diret\u00f3rio Central dos Estudantes (DCE\/UNIFAL-MG), considera essas articula\u00e7\u00f5es pol\u00edticas como fundamentais para consolida\u00e7\u00e3o do movimento estudantil organizado. \u201cO DCE tem o importante papel de ser o elo pol\u00edtico que conecta demandas concretas dos estudantes aos espa\u00e7os de decis\u00e3o or\u00e7ament\u00e1ria. Articular com quem entende a universidade como investimento, e n\u00e3o como gasto, \u00e9 o que garante que os recursos conquistados cheguem com o prop\u00f3sito correto\u201d, conclui.<\/p>\n\n\n\n<p>Tamb\u00e9m participaram da reuni\u00e3o a p\u00f3s-graduanda Efeh Crempe, a estudante Gabriela Haide, coordenadora de assuntos internos do DCE, e a assessora parlamentar Marina Grissi.<\/p>\n\n\n\n<p><strong>Eventos com Parlamentares na UNIFAL-MG<\/strong><\/p>\n\n\n\n<figure class=\"wp-block-image aligncenter\" id=\"attachment_126947\"><img decoding=\"async\" src=\"https:\/\/jornal.unifal-mg.edu.br\/wp-content\/uploads\/2026\/04\/celia-xakriaba-duda-salabert-campus-varginha.png\" alt=\"\" class=\"wp-image-126947\"\/><figcaption class=\"wp-element-caption\">Em mar\u00e7o, as deputadas C\u00e9lia Xakriab\u00e1 (Psol) e Duda Salabert (Psol) participaram de eventos na UNIFAL-MG. Na foto, as parlamentares no campus Varginha. (Fotos: Divulga\u00e7\u00e3o)<\/figcaption><\/figure>\n\n\n\n<p><br>No m\u00eas de mar\u00e7o, os campi UNIFAL-MG em Alfenas e Varginha receberam a visita das parlamentares C\u00e9lia Xakriab\u00e1 (Psol) e Duda Salabert, \u00e0 \u00e9poca no PDT e atualmente no Psol. Em ambas as visitas, foram anunciados recursos por meio de emendas parlamentares da ordem de R$ 700 mil reais.<\/p>\n\n\n\n<p><strong>Galeria de Imagens<\/strong><\/p>\n\n\n\n<div class=\"wp-block-group is-layout-grid wp-container-core-group-is-layout-478b6e6b wp-block-group-is-layout-grid\">\n<figure class=\"wp-block-image\"><a href=\"https:\/\/jornal.unifal-mg.edu.br\/wp-content\/uploads\/2026\/04\/visita-deputada-dandara_abr26_fotos-ivaneisalgado-2.jpeg\" data-rel=\"lightbox-image-0\" data-rl_title=\"\" data-rl_caption=\"\" title=\"\"><img decoding=\"async\" src=\"https:\/\/jornal.unifal-mg.edu.br\/wp-content\/uploads\/2026\/04\/visita-deputada-dandara_abr26_fotos-ivaneisalgado-2-415x250.jpeg\" alt=\"\"\/><\/a><\/figure>\n\n\n\n<figure class=\"wp-block-image\"><a href=\"https:\/\/jornal.unifal-mg.edu.br\/wp-content\/uploads\/2026\/04\/visita-deputada-dandara_abr26_fotos-ivaneisalgado-4.jpeg\" data-rel=\"lightbox-image-1\" data-rl_title=\"\" data-rl_caption=\"\" title=\"\"><img decoding=\"async\" src=\"https:\/\/jornal.unifal-mg.edu.br\/wp-content\/uploads\/2026\/04\/visita-deputada-dandara_abr26_fotos-ivaneisalgado-4-415x250.jpeg\" alt=\"\"\/><\/a><\/figure>\n\n\n\n<figure class=\"wp-block-image\"><a href=\"https:\/\/jornal.unifal-mg.edu.br\/wp-content\/uploads\/2026\/04\/visita-deputada-dandara_abr26_fotos-ivaneisalgado-5.jpeg\" data-rel=\"lightbox-image-2\" data-rl_title=\"\" data-rl_caption=\"\" title=\"\"><img decoding=\"async\" src=\"https:\/\/jornal.unifal-mg.edu.br\/wp-content\/uploads\/2026\/04\/visita-deputada-dandara_abr26_fotos-ivaneisalgado-5-415x250.jpeg\" alt=\"\"\/><\/a><\/figure>\n\n\n\n<figure class=\"wp-block-image\"><a href=\"https:\/\/jornal.unifal-mg.edu.br\/wp-content\/uploads\/2026\/04\/visita-deputada-dandara_abr26_fotos-ivaneisalgado-3.jpeg\" data-rel=\"lightbox-image-3\" data-rl_title=\"\" data-rl_caption=\"\" title=\"\"><img decoding=\"async\" src=\"https:\/\/jornal.unifal-mg.edu.br\/wp-content\/uploads\/2026\/04\/visita-deputada-dandara_abr26_fotos-ivaneisalgado-3-415x250.jpeg\" alt=\"\"\/><\/a><\/figure>\n\n\n\n<figure class=\"wp-block-image\"><a href=\"https:\/\/jornal.unifal-mg.edu.br\/wp-content\/uploads\/2026\/04\/visita-deputada-dandara-abr26_foto-ivaneisalgado_.jpeg\" data-rel=\"lightbox-image-4\" data-rl_title=\"\" data-rl_caption=\"\" title=\"\"><img decoding=\"async\" src=\"https:\/\/jornal.unifal-mg.edu.br\/wp-content\/uploads\/2026\/04\/visita-deputada-dandara-abr26_foto-ivaneisalgado_-415x250.jpeg\" alt=\"\"\/><\/a><\/figure>\n\n\n\n<figure class=\"wp-block-image\"><a href=\"https:\/\/jornal.unifal-mg.edu.br\/wp-content\/uploads\/2026\/04\/visita-deputada-dandara_abr26_fotos-ivaneisalgado-7.jpeg\" data-rel=\"lightbox-image-5\" data-rl_title=\"\" data-rl_caption=\"\" title=\"\"><img decoding=\"async\" src=\"https:\/\/jornal.unifal-mg.edu.br\/wp-content\/uploads\/2026\/04\/visita-deputada-dandara_abr26_fotos-ivaneisalgado-7-415x250.jpeg\" alt=\"\"\/><\/a><\/figure>\n\n\n\n<figure class=\"wp-block-image\"><a href=\"https:\/\/jornal.unifal-mg.edu.br\/wp-content\/uploads\/2026\/04\/visita-deputada-dandara_abr26_fotos-ivaneisalgado-6.jpeg\" data-rel=\"lightbox-image-6\" data-rl_title=\"\" data-rl_caption=\"\" title=\"\"><img decoding=\"async\" src=\"https:\/\/jornal.unifal-mg.edu.br\/wp-content\/uploads\/2026\/04\/visita-deputada-dandara_abr26_fotos-ivaneisalgado-6-415x250.jpeg\" alt=\"\"\/><\/a><\/figure>\n\n\n\n<figure class=\"wp-block-image\"><a href=\"https:\/\/jornal.unifal-mg.edu.br\/wp-content\/uploads\/2026\/04\/visita-deputada-federal-dandara-abr26_seminario-1.jpeg\" data-rel=\"lightbox-image-7\" data-rl_title=\"\" data-rl_caption=\"\" title=\"\"><img decoding=\"async\" src=\"https:\/\/jornal.unifal-mg.edu.br\/wp-content\/uploads\/2026\/04\/visita-deputada-federal-dandara-abr26_seminario-1-415x250.jpeg\" alt=\"\"\/><\/a><\/figure>\n<\/div>\n","protected":false},"excerpt":{"rendered":"<p>Durante o cumprimento de agenda em Alfenas, na sexta-feira, 10 de abril, a deputada federal Dandara (PT) participou de semin\u00e1rio e reuni\u00e3o na UNIFAL-MG. A parlamentar, acompanhada por integrantes do movimento estudantil, se reuniu com o reitor Alessandro Antonio Costa Pereira e com a vice-reitora Vanessa Bergamin Boralli Marques, e refor\u00e7ou o apoio \u00e0 educa\u00e7\u00e3o [&hellip;]<\/p>\n","protected":false},"author":1,"featured_media":9536,"comment_status":"open","ping_status":"open","sticky":false,"template":"","format":"standard","meta":{"_acf_changed":false,"footnotes":""},"categories":[10],"tags":[],"class_list":["post-9535","post","type-post","status-publish","format-standard","has-post-thumbnail","hentry","category-unifal"],"acf":[],"_links":{"self":[{"href":"https:\/\/facepevirtual.org.br\/facepe\/wp-json\/wp\/v2\/posts\/9535","targetHints":{"allow":["GET"]}}],"collection":[{"href":"https:\/\/facepevirtual.org.br\/facepe\/wp-json\/wp\/v2\/posts"}],"about":[{"href":"https:\/\/facepevirtual.org.br\/facepe\/wp-json\/wp\/v2\/types\/post"}],"author":[{"embeddable":true,"href":"https:\/\/facepevirtual.org.br\/facepe\/wp-json\/wp\/v2\/users\/1"}],"replies":[{"embeddable":true,"href":"https:\/\/facepevirtual.org.br\/facepe\/wp-json\/wp\/v2\/comments?post=9535"}],"version-history":[{"count":1,"href":"https:\/\/facepevirtual.org.br\/facepe\/wp-json\/wp\/v2\/posts\/9535\/revisions"}],"predecessor-version":[{"id":9537,"href":"https:\/\/facepevirtual.org.br\/facepe\/wp-json\/wp\/v2\/posts\/9535\/revisions\/9537"}],"wp:featuredmedia":[{"embeddable":true,"href":"https:\/\/facepevirtual.org.br\/facepe\/wp-json\/wp\/v2\/media\/9536"}],"wp:attachment":[{"href":"https:\/\/facepevirtual.org.br\/facepe\/wp-json\/wp\/v2\/media?parent=9535"}],"wp:term":[{"taxonomy":"category","embeddable":true,"href":"https:\/\/facepevirtual.org.br\/facepe\/wp-json\/wp\/v2\/categories?post=9535"},{"taxonomy":"post_tag","embeddable":true,"href":"https:\/\/facepevirtual.org.br\/facepe\/wp-json\/wp\/v2\/tags?post=9535"}],"curies":[{"name":"wp","href":"https:\/\/api.w.org\/{rel}","templated":true}]}}