{"id":9538,"date":"2026-04-24T08:18:05","date_gmt":"2026-04-24T11:18:05","guid":{"rendered":"https:\/\/facepevirtual.org.br\/facepe\/?p=9538"},"modified":"2026-04-24T08:18:08","modified_gmt":"2026-04-24T11:18:08","slug":"consumo-de-papel-na-unifal-mg-cai-mais-de-40-apos-implantacao-do-sistema-eletronico-de-informacoes-indica-estudo","status":"publish","type":"post","link":"https:\/\/facepevirtual.org.br\/facepe\/consumo-de-papel-na-unifal-mg-cai-mais-de-40-apos-implantacao-do-sistema-eletronico-de-informacoes-indica-estudo\/","title":{"rendered":"Consumo de papel na UNIFAL-MG cai mais de 40% ap\u00f3s implanta\u00e7\u00e3o do Sistema Eletr\u00f4nico de Informa\u00e7\u00f5es, indica estudo"},"content":{"rendered":"\n<p>Pesquisa de mestrado, que analisou dados institucionais entre os anos de 2012 e 2024, mostrou que ado\u00e7\u00e3o do SEI transformou a gest\u00e3o administrativa da Universidade<\/p>\n\n\n\n<ul class=\"wp-block-list\">\n<li><a href=\"https:\/\/jornal.unifal-mg.edu.br\/category\/ciencia\/\">+Ci\u00eancia<\/a>,\u00a0<a href=\"https:\/\/jornal.unifal-mg.edu.br\/category\/destaque\/\">Destaque<\/a><\/li>\n\n\n\n<li><a href=\"https:\/\/jornal.unifal-mg.edu.br\/2026\/04\/16\/\"><time>16\/04\/2026<\/time><\/a><\/li>\n\n\n\n<li>14:27<\/li>\n<\/ul>\n\n\n\n<ul class=\"wp-block-list\">\n<li><a href=\"https:\/\/jornal.unifal-mg.edu.br\/author\/ana-araujo\/\">Ana Carolina Ara\u00fajo<\/a><\/li>\n<\/ul>\n\n\n\n<figure class=\"wp-block-image aligncenter\"><img decoding=\"async\" src=\"https:\/\/jornal.unifal-mg.edu.br\/wp-content\/uploads\/2026\/04\/imagem-ilustrativa-sei.jpg\" alt=\"\" class=\"wp-image-127024\"\/><figcaption class=\"wp-element-caption\">Imagem ilustrativa. (Foto: Arquivo\/Dicom)<\/figcaption><\/figure>\n\n\n\n<p>A implanta\u00e7\u00e3o do&nbsp;<a href=\"https:\/\/www.unifal-mg.edu.br\/sei\/\" target=\"_blank\" rel=\"noreferrer noopener\">Sistema Eletr\u00f4nico de Informa\u00e7\u00f5es (SEI)<\/a>&nbsp;na UNIFAL-MG provocou uma transforma\u00e7\u00e3o profunda na rotina administrativa e tamb\u00e9m mensur\u00e1vel do ponto de vista ambiental. \u00c9 isso que mostra a pesquisa de mestrado&nbsp;<em>Economia Ambiental e Mudan\u00e7as de H\u00e1bitos: Avalia\u00e7\u00e3o do Impacto da Redu\u00e7\u00e3o do Uso do Papel ap\u00f3s a Implanta\u00e7\u00e3o do Sistema Eletr\u00f4nico de Informa\u00e7\u00f5es \u2013 SEI,<\/em>&nbsp;desenvolvida pela servidora t\u00e9cnica Daniela Ketryn Pereira Machado, junto ao&nbsp;<a href=\"https:\/\/www.unifal-mg.edu.br\/ppgca\/\" target=\"_blank\" rel=\"noreferrer noopener\">Programa de P\u00f3s-Gradua\u00e7\u00e3o em Ci\u00eancias Ambientais (PPGCA)<\/a>.<\/p>\n\n\n\n<p>Orientada pelos professores Debora Zumkeller Sabonaro e Breno R\u00e9gis Santos, do&nbsp;<a href=\"https:\/\/www.unifal-mg.edu.br\/icn\/\" target=\"_blank\" rel=\"noreferrer noopener\">Instituto de Ci\u00eancias da Natureza (ICN)<\/a>, a pesquisadora avaliou como a transi\u00e7\u00e3o de processos administrativos f\u00edsicos para digitais contribuiu para a sustentabilidade da Institui\u00e7\u00e3o.<\/p>\n\n\n\n<div class=\"wp-block-group is-layout-grid wp-container-core-group-is-layout-478b6e6b wp-block-group-is-layout-grid\">\n<figure class=\"wp-block-image\"><a href=\"https:\/\/jornal.unifal-mg.edu.br\/wp-content\/uploads\/2026\/04\/Daniela-Ketryn.jpg\" data-rel=\"lightbox-image-0\" data-rl_title=\"\" data-rl_caption=\"\" title=\"\"><img decoding=\"async\" src=\"https:\/\/jornal.unifal-mg.edu.br\/wp-content\/uploads\/2026\/04\/Daniela-Ketryn.jpg\" alt=\"\"\/><\/a><figcaption class=\"wp-element-caption\">Daniela Ketryn \u2013 servidora t\u00e9cnica e autora da pesquisa. (Foto: Arquivo\/Dicom)<\/figcaption><\/figure>\n\n\n\n<figure class=\"wp-block-image\"><a href=\"https:\/\/jornal.unifal-mg.edu.br\/wp-content\/uploads\/2026\/04\/Debora-Zumkeller-Sabonaro.jpg\" data-rel=\"lightbox-image-1\" data-rl_title=\"\" data-rl_caption=\"\" title=\"\"><img decoding=\"async\" src=\"https:\/\/jornal.unifal-mg.edu.br\/wp-content\/uploads\/2026\/04\/Debora-Zumkeller-Sabonaro.jpg\" alt=\"\"\/><\/a><figcaption class=\"wp-element-caption\">Debora Zumkeller Sabonaro \u2013 professora e orientadora da pesquisa. (Foto: Arquivo Pessoal)<\/figcaption><\/figure>\n\n\n\n<figure class=\"wp-block-image\"><a href=\"https:\/\/jornal.unifal-mg.edu.br\/wp-content\/uploads\/2026\/04\/Breno-Regis.jpg\" data-rel=\"lightbox-image-2\" data-rl_title=\"\" data-rl_caption=\"\" title=\"\"><img decoding=\"async\" src=\"https:\/\/jornal.unifal-mg.edu.br\/wp-content\/uploads\/2026\/04\/Breno-Regis.jpg\" alt=\"\"\/><\/a><figcaption class=\"wp-element-caption\">Breno R\u00e9gis Santos \u2013 professor e coorientador da pesquisa. (Foto: Arquivo Pessoal)<\/figcaption><\/figure>\n<\/div>\n\n\n\n<p>Os resultados apontaram para uma redu\u00e7\u00e3o significativa no consumo de papel, que chegou a 63,6% durante a pandemia de covid-19 e se manteve em torno de 40,4%, mesmo em per\u00edodos sem restri\u00e7\u00f5es.<\/p>\n\n\n\n<p>A an\u00e1lise foi feita a partir de dados institucionais sobre consumo de papel no per\u00edodo entre 2012 e 2024, extra\u00eddos do sistema do Almoxarifado Central da UNIFAL-MG, que registra todas as compras e retiradas de papel para consumo institucional. Esse per\u00edodo abrange tr\u00eas fases distintas: o per\u00edodo anterior \u00e0 implanta\u00e7\u00e3o do SEI (2012-2017), o ano de transi\u00e7\u00e3o (2018) e o per\u00edodo ap\u00f3s a consolida\u00e7\u00e3o do sistema (2019-2024).<\/p>\n\n\n\n<p>O estudo tamb\u00e9m indicou economia acumulada no per\u00edodo, que ultrapassou R$ 68 mil. Em termos ambientais, a redu\u00e7\u00e3o no consumo de papel pode ter evitado o corte de mais de 60 \u00e1rvores.<\/p>\n\n\n\n<figure class=\"wp-block-image aligncenter\" id=\"attachment_126992\"><a href=\"https:\/\/jornal.unifal-mg.edu.br\/wp-content\/uploads\/2026\/04\/grafico_serie-temporal-consumo-de-papel-UNIFAL-MG.jpg\" data-rel=\"lightbox-image-3\" data-rl_title=\"\" data-rl_caption=\"\" title=\"\"><img decoding=\"async\" src=\"https:\/\/jornal.unifal-mg.edu.br\/wp-content\/uploads\/2026\/04\/grafico_serie-temporal-consumo-de-papel-UNIFAL-MG.jpg\" alt=\"\" class=\"wp-image-126992\"\/><\/a><figcaption class=\"wp-element-caption\">Gr\u00e1fico da s\u00e9rie temporal do consumo de papel com a taxa global expressa o consumo m\u00e9dio de papel ajustado \u00e0 popula\u00e7\u00e3o institucional. (Fonte: Reprodu\u00e7\u00e3o\/Disserta\u00e7\u00e3o Daniela Ketryn)<\/figcaption><\/figure>\n\n\n\n<p>Segundo Daniela Ketryn, esses dados confirmam uma mudan\u00e7a estrutural nos processos administrativos. \u201cOs resultados apontam uma redu\u00e7\u00e3o significativa no consumo de papel ap\u00f3s a ado\u00e7\u00e3o do SEI, evidenciando ganhos em economia de recursos e sustentabilidade institucional\u201d, ressalta.<\/p>\n\n\n\n<p>A pesquisa tamb\u00e9m se conecta a quatro dos 17&nbsp;<a href=\"https:\/\/brasil.un.org\/pt-br\/sdgs\" target=\"_blank\" rel=\"noreferrer noopener\">Objetivos de Desenvolvimento Sustent\u00e1vel<\/a>&nbsp;da Agenda 2030 da ONU. \u201cA an\u00e1lise contribui para a compreens\u00e3o de como pr\u00e1ticas digitais podem alinhar-se aos Objetivos de Desenvolvimento Sustent\u00e1vel da ONU, ao promover consumo respons\u00e1vel (ODS 12), mitigar impactos clim\u00e1ticos associados ao uso de recursos (ODS 13), reduzir press\u00f5es indiretas sobre ecossistemas terrestres (ODS 15) e fortalecer estruturas institucionais mais eficientes e transparentes no \u00e2mbito da gest\u00e3o p\u00fablica (ODS 16)\u201d, observa.<\/p>\n\n\n\n<figure class=\"wp-block-image alignleft is-resized\" id=\"attachment_127022\"><a href=\"https:\/\/jornal.unifal-mg.edu.br\/wp-content\/uploads\/2026\/04\/Daniela-Ketryn-recebendo-diploma.jpg\" data-rel=\"lightbox-image-4\" data-rl_title=\"\" data-rl_caption=\"\" title=\"\"><img decoding=\"async\" src=\"https:\/\/jornal.unifal-mg.edu.br\/wp-content\/uploads\/2026\/04\/Daniela-Ketryn-recebendo-diploma.jpg\" alt=\"\" class=\"wp-image-127022\" style=\"aspect-ratio:1.5000146485805526;width:352px;height:auto\"\/><\/a><figcaption class=\"wp-element-caption\">Daniela Ketryn recebeu o diploma do mestrado em Ci\u00eancias Ambientais das m\u00e3os do reitor \u2013 o professor Alessandro Ant\u00f4nio Costa Pereira, na tarde desta quinta-feira, 16 de abril. (Foto: Dicom\/UNIFAL-MG)<\/figcaption><\/figure>\n\n\n\n<p>De acordo com a autora, a pesquisa nasce de uma experi\u00eancia que combina viv\u00eancia profissional e interesse cient\u00edfico. Inserida no cotidiano administrativo da Universidade, Daniela Ketryn acompanhou de perto a transi\u00e7\u00e3o dos processos f\u00edsicos para os digitais, um movimento que, inicialmente percebido na pr\u00e1tica, se transformou em objeto de investiga\u00e7\u00e3o.<\/p>\n\n\n\n<p>\u201cComo servidora inserida no contexto administrativo da Institui\u00e7\u00e3o, foi poss\u00edvel acompanhar a transi\u00e7\u00e3o gradual de processos f\u00edsicos, fortemente dependentes do uso de papel, para fluxos documentais digitais\u201d, conta.<\/p>\n\n\n\n<p>\u201cEssa mudan\u00e7a institucional despertou o interesse em compreender se a digitaliza\u00e7\u00e3o administrativa, al\u00e9m de promover ganhos de efici\u00eancia e agilidade, tamb\u00e9m poderia gerar impactos mensur\u00e1veis na redu\u00e7\u00e3o do consumo de papel e, consequentemente, na sustentabilidade ambiental da Institui\u00e7\u00e3o\u201d, completa.<\/p>\n\n\n\n<p>A disserta\u00e7\u00e3o de Daniela Ketryn foi defendida em fevereiro de 2026 e est\u00e1 dispon\u00edvel para acesso na \u00edntegra no Reposit\u00f3rio Institucional,&nbsp;<a href=\"https:\/\/repositorio.unifal-mg.edu.br\/items\/d50d3cea-d466-4465-8211-0adee0755881\" target=\"_blank\" rel=\"noreferrer noopener\">neste link<\/a>.<\/p>\n","protected":false},"excerpt":{"rendered":"<p>Pesquisa de mestrado, que analisou dados institucionais entre os anos de 2012 e 2024, mostrou que ado\u00e7\u00e3o do SEI transformou a gest\u00e3o administrativa da Universidade A implanta\u00e7\u00e3o do&nbsp;Sistema Eletr\u00f4nico de Informa\u00e7\u00f5es (SEI)&nbsp;na UNIFAL-MG provocou uma transforma\u00e7\u00e3o profunda na rotina administrativa e tamb\u00e9m mensur\u00e1vel do ponto de vista ambiental. \u00c9 isso que mostra a pesquisa de [&hellip;]<\/p>\n","protected":false},"author":1,"featured_media":9539,"comment_status":"open","ping_status":"open","sticky":false,"template":"","format":"standard","meta":{"_acf_changed":false,"footnotes":""},"categories":[10],"tags":[],"class_list":["post-9538","post","type-post","status-publish","format-standard","has-post-thumbnail","hentry","category-unifal"],"acf":[],"_links":{"self":[{"href":"https:\/\/facepevirtual.org.br\/facepe\/wp-json\/wp\/v2\/posts\/9538","targetHints":{"allow":["GET"]}}],"collection":[{"href":"https:\/\/facepevirtual.org.br\/facepe\/wp-json\/wp\/v2\/posts"}],"about":[{"href":"https:\/\/facepevirtual.org.br\/facepe\/wp-json\/wp\/v2\/types\/post"}],"author":[{"embeddable":true,"href":"https:\/\/facepevirtual.org.br\/facepe\/wp-json\/wp\/v2\/users\/1"}],"replies":[{"embeddable":true,"href":"https:\/\/facepevirtual.org.br\/facepe\/wp-json\/wp\/v2\/comments?post=9538"}],"version-history":[{"count":1,"href":"https:\/\/facepevirtual.org.br\/facepe\/wp-json\/wp\/v2\/posts\/9538\/revisions"}],"predecessor-version":[{"id":9540,"href":"https:\/\/facepevirtual.org.br\/facepe\/wp-json\/wp\/v2\/posts\/9538\/revisions\/9540"}],"wp:featuredmedia":[{"embeddable":true,"href":"https:\/\/facepevirtual.org.br\/facepe\/wp-json\/wp\/v2\/media\/9539"}],"wp:attachment":[{"href":"https:\/\/facepevirtual.org.br\/facepe\/wp-json\/wp\/v2\/media?parent=9538"}],"wp:term":[{"taxonomy":"category","embeddable":true,"href":"https:\/\/facepevirtual.org.br\/facepe\/wp-json\/wp\/v2\/categories?post=9538"},{"taxonomy":"post_tag","embeddable":true,"href":"https:\/\/facepevirtual.org.br\/facepe\/wp-json\/wp\/v2\/tags?post=9538"}],"curies":[{"name":"wp","href":"https:\/\/api.w.org\/{rel}","templated":true}]}}