{"id":9547,"date":"2026-04-24T08:28:22","date_gmt":"2026-04-24T11:28:22","guid":{"rendered":"https:\/\/facepevirtual.org.br\/facepe\/?p=9547"},"modified":"2026-04-24T08:28:23","modified_gmt":"2026-04-24T11:28:23","slug":"unifal-mg-conquista-dois-premios-no-gerp-2026-um-dos-principais-congressos-da-area-de-geriatria-e-gerontologia","status":"publish","type":"post","link":"https:\/\/facepevirtual.org.br\/facepe\/unifal-mg-conquista-dois-premios-no-gerp-2026-um-dos-principais-congressos-da-area-de-geriatria-e-gerontologia\/","title":{"rendered":"UNIFAL-MG conquista dois pr\u00eamios no GERP 2026, um dos principais congressos da area de Geriatria e Gerontologia"},"content":{"rendered":"\n<p>Pesquisas desenvolvidas na Universidade foram premiadas em congresso que reuniu cerca de 2.500 participantes em S\u00e3o Paulo<\/p>\n\n\n\n<ul class=\"wp-block-list\">\n<li><a href=\"https:\/\/jornal.unifal-mg.edu.br\/category\/destaque\/\">Destaque<\/a><\/li>\n\n\n\n<li><a href=\"https:\/\/jornal.unifal-mg.edu.br\/2026\/04\/23\/\"><time>23\/04\/2026<\/time><\/a><\/li>\n\n\n\n<li>15:37<\/li>\n<\/ul>\n\n\n\n<p>Atualizado em 23\/04\/2026 19:13<\/p>\n\n\n\n<ul class=\"wp-block-list\">\n<li><a href=\"https:\/\/jornal.unifal-mg.edu.br\/author\/luciana-resendeunifal-mg-edu-br\/\">Luciana Costa de Resende Vilela<\/a><\/li>\n<\/ul>\n\n\n\n<figure class=\"wp-block-image aligncenter\"><img decoding=\"async\" src=\"https:\/\/jornal.unifal-mg.edu.br\/wp-content\/uploads\/2026\/04\/monitorar-emissoes-de-gases-de-efeito-estufa-4.png\" alt=\"\" class=\"wp-image-127215\"\/><figcaption class=\"wp-element-caption\">Pesquisas premiadas refor\u00e7am o protagonismo da Institui\u00e7\u00e3o na produ\u00e7\u00e3o cient\u00edfica sobre envelhecimento no Brasil (Foto: arquivo pessoal T\u00e1batta Brito)<\/figcaption><\/figure>\n\n\n\n<p>A UNIFAL-MG teve destaque nacional no GERP 2026, um dos mais relevantes eventos cient\u00edficos brasileiros na \u00e1rea do envelhecimento, realizado pela Sociedade Brasileira de Geriatria e Gerontologia (SBGG) entre os dias 9 e 11 de abril, no Centro de Conven\u00e7\u00f5es Frei Caneca, em S\u00e3o Paulo. Em um congresso que reuniu cerca de 2.500 participantes de diversas regi\u00f5es do pa\u00eds, pesquisas conduzidas por docente e discentes da Universidade conquistaram o primeiro lugar em duas categorias de apresenta\u00e7\u00e3o cient\u00edfica.<\/p>\n\n\n\n<p>Com o tema central \u201cOs limites da longevidade humana\u201d, o GERP 2026 promoveu, segundo a professora T\u00e1batta Renata Pereira de Brito, reflex\u00f5es aprofundadas sobre os desafios e as possibilidades de envelhecer com qualidade em um contexto marcado por desigualdades sociais. A programa\u00e7\u00e3o contemplou apresenta\u00e7\u00f5es cient\u00edficas, mesas-redondas e debates envolvendo pesquisadores, profissionais de sa\u00fade e estudantes de todo o Brasil.<\/p>\n\n\n\n<figure class=\"wp-block-image alignright is-resized\" id=\"attachment_127217\"><a href=\"https:\/\/jornal.unifal-mg.edu.br\/wp-content\/uploads\/2026\/04\/69e1213e551a8.jpeg\" data-rel=\"lightbox-image-0\" data-rl_title=\"\" data-rl_caption=\"\" title=\"\"><img decoding=\"async\" src=\"https:\/\/jornal.unifal-mg.edu.br\/wp-content\/uploads\/2026\/04\/69e1213e551a8-600x800.jpeg\" alt=\"\" class=\"wp-image-127217\" style=\"width:335px;height:auto\"\/><\/a><figcaption class=\"wp-element-caption\">A professora T\u00e1batta participou do evento acompanhada de seus orientandos de inicia\u00e7\u00e3o cient\u00edfica, mestrado e doutorado (Foto: arquivo pessoal T\u00e1batta Brito)<\/figcaption><\/figure>\n\n\n\n<p>A UNIFAL-MG foi representada no congresso pela professora T\u00e1batta, docente dos Programas de P\u00f3s-Gradua\u00e7\u00e3o em Enfermagem e em Nutri\u00e7\u00e3o e Longevidade, que participou do evento acompanhada de seus orientandos de inicia\u00e7\u00e3o cient\u00edfica, mestrado e doutorado.<\/p>\n\n\n\n<p>Na categoria de apresenta\u00e7\u00e3o oral, o primeiro lugar foi conquistado pela mestranda Bruna Gon\u00e7alves, do Programa de P\u00f3s-Gradua\u00e7\u00e3o em Nutri\u00e7\u00e3o e Longevidade (PPGNL), com o trabalho \u201cAc\u00famulo de desvantagens sociais e excesso de peso no envelhecimento: evid\u00eancias do ELSI-Brasil\u201d. Conforme informou a professora T\u00e1batta, o estudo teve ainda como autores, Marcela Igreja Carneiro, Ra\u00edssa Leite Coelho, Lilian Miranda Belineli e Daniela Braga Lima.<\/p>\n\n\n\n<p>Tamb\u00e9m conquistou o primeiro lugar o egresso do PPGNL, mestre Thalles Andrade Marques Pereira, na categoria de apresenta\u00e7\u00e3o oral breve, com a pesquisa \u201cEstado nutricional e insufici\u00eancia vitam\u00ednica associados ao risco aumentado de quedas em pessoas idosas da comunidade\u201d. Al\u00e9m de&nbsp;Thalles, o trabalho tamb\u00e9m contou com autoria de Guilherme Eust\u00e1quio Furtado e Daniela Braga Lima.<\/p>\n\n\n\n<p>Para a professora T\u00e1batta, as premia\u00e7\u00f5es reafirmam a maturidade e a relev\u00e2ncia das pesquisas desenvolvidas na Institui\u00e7\u00e3o na \u00e1rea do envelhecimento humano. \u201cOs resultados obtidos no GERP 2026 refor\u00e7am o protagonismo da UNIFAL-MG na produ\u00e7\u00e3o cient\u00edfica sobre envelhecimento e evidenciam a relev\u00e2ncia das pesquisas desenvolvidas na institui\u00e7\u00e3o, bem como sua contribui\u00e7\u00e3o para o avan\u00e7o do conhecimento em sa\u00fade da pessoa idosa no Brasil\u201d, afirmou a docente.<\/p>\n\n\n\n<p>Fotos: arquivo pessoal T\u00e1batta Brito<\/p>\n\n\n\n<div class=\"wp-block-group is-layout-grid wp-container-core-group-is-layout-478b6e6b wp-block-group-is-layout-grid\">\n<figure class=\"wp-block-image\"><a href=\"https:\/\/jornal.unifal-mg.edu.br\/wp-content\/uploads\/2026\/04\/69e1213e56a46.jpeg\" data-rel=\"lightbox-image-1\" data-rl_title=\"\" data-rl_caption=\"\" title=\"\"><img decoding=\"async\" src=\"https:\/\/jornal.unifal-mg.edu.br\/wp-content\/uploads\/2026\/04\/69e1213e56a46-415x250.jpeg\" alt=\"\"\/><\/a><\/figure>\n\n\n\n<figure class=\"wp-block-image\"><a href=\"https:\/\/jornal.unifal-mg.edu.br\/wp-content\/uploads\/2026\/04\/69e1213e56f11.jpeg\" data-rel=\"lightbox-image-2\" data-rl_title=\"\" data-rl_caption=\"\" title=\"\"><img decoding=\"async\" src=\"https:\/\/jornal.unifal-mg.edu.br\/wp-content\/uploads\/2026\/04\/69e1213e56f11-415x250.jpeg\" alt=\"\"\/><\/a><\/figure>\n\n\n\n<figure class=\"wp-block-image\"><a href=\"https:\/\/jornal.unifal-mg.edu.br\/wp-content\/uploads\/2026\/04\/69e1213e5773a.jpeg\" data-rel=\"lightbox-image-3\" data-rl_title=\"\" data-rl_caption=\"\" title=\"\"><img decoding=\"async\" src=\"https:\/\/jornal.unifal-mg.edu.br\/wp-content\/uploads\/2026\/04\/69e1213e5773a-415x250.jpeg\" alt=\"\"\/><\/a><\/figure>\n\n\n\n<figure class=\"wp-block-image\"><a href=\"https:\/\/jornal.unifal-mg.edu.br\/wp-content\/uploads\/2026\/04\/69e1213e57add.jpeg\" data-rel=\"lightbox-image-4\" data-rl_title=\"\" data-rl_caption=\"\" title=\"\"><img decoding=\"async\" src=\"https:\/\/jornal.unifal-mg.edu.br\/wp-content\/uploads\/2026\/04\/69e1213e57add-415x250.jpeg\" alt=\"\"\/><\/a><\/figure>\n<\/div>\n","protected":false},"excerpt":{"rendered":"<p>Pesquisas desenvolvidas na Universidade foram premiadas em congresso que reuniu cerca de 2.500 participantes em S\u00e3o Paulo Atualizado em 23\/04\/2026 19:13 A UNIFAL-MG teve destaque nacional no GERP 2026, um dos mais relevantes eventos cient\u00edficos brasileiros na \u00e1rea do envelhecimento, realizado pela Sociedade Brasileira de Geriatria e Gerontologia (SBGG) entre os dias 9 e 11 [&hellip;]<\/p>\n","protected":false},"author":1,"featured_media":9548,"comment_status":"open","ping_status":"open","sticky":false,"template":"","format":"standard","meta":{"_acf_changed":false,"footnotes":""},"categories":[10],"tags":[],"class_list":["post-9547","post","type-post","status-publish","format-standard","has-post-thumbnail","hentry","category-unifal"],"acf":[],"_links":{"self":[{"href":"https:\/\/facepevirtual.org.br\/facepe\/wp-json\/wp\/v2\/posts\/9547","targetHints":{"allow":["GET"]}}],"collection":[{"href":"https:\/\/facepevirtual.org.br\/facepe\/wp-json\/wp\/v2\/posts"}],"about":[{"href":"https:\/\/facepevirtual.org.br\/facepe\/wp-json\/wp\/v2\/types\/post"}],"author":[{"embeddable":true,"href":"https:\/\/facepevirtual.org.br\/facepe\/wp-json\/wp\/v2\/users\/1"}],"replies":[{"embeddable":true,"href":"https:\/\/facepevirtual.org.br\/facepe\/wp-json\/wp\/v2\/comments?post=9547"}],"version-history":[{"count":1,"href":"https:\/\/facepevirtual.org.br\/facepe\/wp-json\/wp\/v2\/posts\/9547\/revisions"}],"predecessor-version":[{"id":9549,"href":"https:\/\/facepevirtual.org.br\/facepe\/wp-json\/wp\/v2\/posts\/9547\/revisions\/9549"}],"wp:featuredmedia":[{"embeddable":true,"href":"https:\/\/facepevirtual.org.br\/facepe\/wp-json\/wp\/v2\/media\/9548"}],"wp:attachment":[{"href":"https:\/\/facepevirtual.org.br\/facepe\/wp-json\/wp\/v2\/media?parent=9547"}],"wp:term":[{"taxonomy":"category","embeddable":true,"href":"https:\/\/facepevirtual.org.br\/facepe\/wp-json\/wp\/v2\/categories?post=9547"},{"taxonomy":"post_tag","embeddable":true,"href":"https:\/\/facepevirtual.org.br\/facepe\/wp-json\/wp\/v2\/tags?post=9547"}],"curies":[{"name":"wp","href":"https:\/\/api.w.org\/{rel}","templated":true}]}}